{"id":1183,"date":"2016-01-31T12:47:32","date_gmt":"2016-01-31T11:47:32","guid":{"rendered":"http:\/\/kvfl.com\/?p=1183"},"modified":"2018-06-13T15:47:47","modified_gmt":"2018-06-13T13:47:47","slug":"bergmedizin-expeditionsmedizin-pocket","status":"publish","type":"post","link":"https:\/\/kvfl.com\/blog\/bergmedizin-expeditionsmedizin-pocket\/1183\/","title":{"rendered":"Bergmedizin Expeditionsmedizin pocket"},"content":{"rendered":"<p><a href=\"https:\/\/kvfl.com\/blog\/wp-content\/uploads\/978-3-89862-743-6_berg_und_expeditionsmedizin_pocket_de_rgb300dpi.jpg\" rel=\"attachment wp-att-1184\"><img loading=\"lazy\" decoding=\"async\" class=\"alignright size-medium wp-image-1184\" src=\"https:\/\/kvfl.com\/blog\/wp-content\/uploads\/978-3-89862-743-6_berg_und_expeditionsmedizin_pocket_de_rgb300dpi-234x300.jpg\" alt=\"978-3-89862-743-6_Berg_und_Expeditionsmedizin_pocket_DE_RGB300dpi\" width=\"234\" height=\"300\" srcset=\"https:\/\/kvfl.com\/blog\/wp-content\/uploads\/978-3-89862-743-6_berg_und_expeditionsmedizin_pocket_de_rgb300dpi-234x300.jpg 234w, https:\/\/kvfl.com\/blog\/wp-content\/uploads\/978-3-89862-743-6_berg_und_expeditionsmedizin_pocket_de_rgb300dpi-768x983.jpg 768w, https:\/\/kvfl.com\/blog\/wp-content\/uploads\/978-3-89862-743-6_berg_und_expeditionsmedizin_pocket_de_rgb300dpi-487x624.jpg 487w, https:\/\/kvfl.com\/blog\/wp-content\/uploads\/978-3-89862-743-6_berg_und_expeditionsmedizin_pocket_de_rgb300dpi-624x799.jpg 624w, https:\/\/kvfl.com\/blog\/wp-content\/uploads\/978-3-89862-743-6_berg_und_expeditionsmedizin_pocket_de_rgb300dpi.jpg 1188w\" sizes=\"auto, (max-width: 234px) 100vw, 234px\" \/><\/a><br \/>\nDie mei\u00dften von euch haben vermutlich ihre Reiseapotheke immer griffbereit und auf Reisen, Expeditionen wird nochmals bzgl. Land\/Dauer gepr\u00fcft. Dazu gibt es diverse Listen oder besser Kontakte, Ansprechpartner die mehr von der Materie wissen. In besonderen F\u00e4llen frage ich gern die Freunde mit medizinischen Wissen.<\/p>\n<p>Unterwegs ist das schwierig. Nat\u00fcrlich gilt immer die Hoffnung, es passiert nichts und die \u00fcblichen Verd\u00e4chtigen hat man durch Erfahrung im Griff. Trotzdem w\u00e4re hier und da ein Werk zum Nachschlagen sinnvoll. Auch Netz steht nicht \u00fcberall bereit und so war ich gespannt, wie sich dieser kleiner Begleiter macht, der genau das zum Ziel hat &#8211; steht bereit mit Rat &#8211; nicht Tat, wenn notwendig.<\/p>\n<p><!--more-->Das Buch ist durch Leute entstanden, die nicht nur den medizinischen Teil wissen beitragen k\u00f6nnen, sondern auch einschl\u00e4gige Erfahrungen auf Reisen und Expeditionen vorweisen k\u00f6nnen. Insofern sind die Inhalte gut ausgearbeitet, schl\u00fcssig und auf das notwendige erstellt. Das B\u00fcchlein ist handlich und richtet sich an alle, Laie, Bergretter und \u00c4rzte. Das notwendige wissen am Berg ist komprimiert hinterlegt, mit Bildern verdeutlicht. Die h\u00e4ufigsten Symptome sind aufgelistet und die therapeutischen und diagnostischen Hilfestellungen erg\u00e4nzt. Besonders das Thema H\u00f6henkrankheit ist gut ausgearbeitet.<\/p>\n<p>Sch\u00f6n ist auch, dass zum Austausch mit anderen vor Ort Bilder der Anatomie hinterlegt wurden und unterschiedliche Sprachen die Weitergabe des Problems erm\u00f6glichen. Dabei wurde Spanisch, Chinesisch, Nepali und Tibetisch hinterlegt.<\/p>\n<p>Das Buch enth\u00e4lt Wissen zu Sommer und Winter-Erkrankungen. Ebenso gibt es eine \u00dcbersicht der meistben\u00f6tigten Medikamente und was in die Notfallapotheke geh\u00f6rt. Sch\u00f6n finde ich, dass nicht nur die Experten hier abgeholt werden, sondern eine verst\u00e4ndliche Schreibweise das Wissen schnell vermittelt. Parallel geht man ebenso auf Themen f\u00fcr Kinder ein, was in den Bergen, auf Reisen f\u00fcr mich sehr wichtig ist und nicht jeder Kinderarzt gibt hier im Vorfeld die richtigen Tipps. Am Rande geht es au\u00dferdem noch um die Themen Lawinenkunde, Knoten und Bergetechniken.<\/p>\n<p>Klein und handlich ist bei dem Spektrum sicher nicht einfach, ein Spagat f\u00fcr die Autoren. Aktuell finde ich es gut gelungen. Das Format ist sehr handlich, leserlich und die Haltbarkeit wird sich zeigen.<\/p>\n<p>Ich sehe ein Mehrwert, Listen k\u00f6nnen entfallen und dieses kleine B\u00fcchlein kann hier und da sehr n\u00fctzlich seine Informationen einsetzen. Trotzdem ist jeder Einzelne f\u00fcr Sicherheit verantwortlich, bei sich und anderen. Es dient lediglich als Nachschlagewerk, nicht zur Prevention \ud83d\ude09<\/p>\n<blockquote><p>Das Bergmedizin Expeditionsmedizin pocket ist als ein n\u00fctzlicher Begleiter f\u00fcr Laien, Bergretter und auch \u00c4rzte gedacht, der medizinisches Wissen leicht verst\u00e4ndlich darstellt und den Aufenthalt in den Bergen f\u00fcr alle sicherer machen soll. Es schildert die h\u00e4ufigsten Symptome, die am Berg auftreten k\u00f6nnen, und gibt diagnostische wie therapeutische Hilfestellungen.<\/p><\/blockquote>\n<p>Weitere Infos, Bezug: <a href=\"http:\/\/www.media4u.com\/de\/bergmedizin-expeditionsmedizin-pocket\/\">Bergmedizin Expeditionsmedizin pocket<\/a><\/p>\n","protected":false},"excerpt":{"rendered":"<p>Die mei\u00dften von euch haben vermutlich ihre Reiseapotheke immer griffbereit und auf Reisen, Expeditionen wird nochmals bzgl. Land\/Dauer gepr\u00fcft. Dazu gibt es diverse Listen oder besser Kontakte, Ansprechpartner die mehr von der Materie wissen. In besonderen F\u00e4llen frage ich gern die Freunde mit medizinischen Wissen. Unterwegs ist das schwierig. Nat\u00fcrlich gilt immer die Hoffnung, es [&hellip;]<\/p>\n","protected":false},"author":1,"featured_media":1184,"comment_status":"open","ping_status":"open","sticky":false,"template":"","format":"standard","meta":{"footnotes":""},"categories":[1,12,8],"tags":[40,151,203,350,249],"class_list":["post-1183","post","type-post","status-publish","format-standard","has-post-thumbnail","hentry","category-allgemein","category-allgemein-2","category-touren","tag-bergsteigen","tag-huettentrekking","tag-literatur","tag-medizin","tag-produkttest"],"_links":{"self":[{"href":"https:\/\/kvfl.com\/blog\/wp-json\/wp\/v2\/posts\/1183","targetHints":{"allow":["GET"]}}],"collection":[{"href":"https:\/\/kvfl.com\/blog\/wp-json\/wp\/v2\/posts"}],"about":[{"href":"https:\/\/kvfl.com\/blog\/wp-json\/wp\/v2\/types\/post"}],"author":[{"embeddable":true,"href":"https:\/\/kvfl.com\/blog\/wp-json\/wp\/v2\/users\/1"}],"replies":[{"embeddable":true,"href":"https:\/\/kvfl.com\/blog\/wp-json\/wp\/v2\/comments?post=1183"}],"version-history":[{"count":3,"href":"https:\/\/kvfl.com\/blog\/wp-json\/wp\/v2\/posts\/1183\/revisions"}],"predecessor-version":[{"id":1189,"href":"https:\/\/kvfl.com\/blog\/wp-json\/wp\/v2\/posts\/1183\/revisions\/1189"}],"wp:featuredmedia":[{"embeddable":true,"href":"https:\/\/kvfl.com\/blog\/wp-json\/wp\/v2\/media\/1184"}],"wp:attachment":[{"href":"https:\/\/kvfl.com\/blog\/wp-json\/wp\/v2\/media?parent=1183"}],"wp:term":[{"taxonomy":"category","embeddable":true,"href":"https:\/\/kvfl.com\/blog\/wp-json\/wp\/v2\/categories?post=1183"},{"taxonomy":"post_tag","embeddable":true,"href":"https:\/\/kvfl.com\/blog\/wp-json\/wp\/v2\/tags?post=1183"}],"curies":[{"name":"wp","href":"https:\/\/api.w.org\/{rel}","templated":true}]}}