{"id":167,"date":"2007-09-06T18:32:40","date_gmt":"2007-09-06T16:32:40","guid":{"rendered":"http:\/\/kvfl.com\/klettern-umwelt-beunruhigende-zeilten\/167\/"},"modified":"2007-09-06T18:32:40","modified_gmt":"2007-09-06T16:32:40","slug":"klettern-umwelt-beunruhigende-zeilten","status":"publish","type":"post","link":"https:\/\/kvfl.com\/blog\/klettern-umwelt-beunruhigende-zeilten\/167\/","title":{"rendered":"Klettern &#038; Umwelt &#8211; Beunruhigende Zeil(t)en"},"content":{"rendered":"<blockquote><p>Ich m\u00f6chte auf einen sehr interessanten Thread in unserem Forum hinweisen, der vor allem KletterInnen, die viel am Fels unterwegs sind, interessieren sollte. Heimlichtuerei wie Panikmache sind hier fehl am Platze.<\/p>\n<p><a href=\"http:\/\/www.kletternimnorden.de\/forum\/thread.php?threadid=489&#038;boardid=3&#038;\">Thread von Martin Heynert<\/a><\/p>\n<p>Dank an Martin Heynert, der nicht zum ersten mal duch seine sachlich kompetente Darstellung der Dinge auff\u00e4llt. Wer nichts sachliches zur Diskussion beitragen kann, sollte sich mit emotionalen Postings zur\u00fcckhalten &#8211; ganz sicher kennt die Gegenseite diese Seite.<br \/>\n<cite><a href=\"http:\/\/www.kletternimnorden.de\/index_news_v5.php?news_id=261\">Ralf Kowalski, Klettern im Norden<\/a><\/cite><\/p><\/blockquote>\n<p>Ich meine, und das leider auch aus eigener Erfahrung und T\u00e4tigkeit bei der IG Klettern Th\u00fcringen, dass uns das Thema genauso betrifft. Darum bitte ich alle Felsturner, die sich f\u00fcr mehr als ihr &#8222;Eigenes&#8220; interessieren und ein Interesse an der Zukunft unseres Sportes haben, diesen <a href=\"http:\/\/www.kletternimnorden.de\/forum\/thread.php?threadid=489&#038;boardid=3&#038;\">Thread<\/a> zu lesen und zu verfolgen. F\u00fcr einige Gedanken, f\u00fcr die sich jeder mal Zeit nehmen sollte, ist sicher immer Zeit.<\/p>\n","protected":false},"excerpt":{"rendered":"<p>Ich m\u00f6chte auf einen sehr interessanten Thread in unserem Forum hinweisen, der vor allem KletterInnen, die viel am Fels unterwegs sind, interessieren sollte. Heimlichtuerei wie Panikmache sind hier fehl am Platze. Thread von Martin Heynert Dank an Martin Heynert, der nicht zum ersten mal duch seine sachlich kompetente Darstellung der Dinge auff\u00e4llt. Wer nichts sachliches [&hellip;]<\/p>\n","protected":false},"author":1,"featured_media":0,"comment_status":"open","ping_status":"open","sticky":false,"template":"","format":"standard","meta":{"footnotes":""},"categories":[18,6],"tags":[257,319],"class_list":["post-167","post","type-post","status-publish","format-standard","hentry","category-klettern","category-news","tag-recht","tag-umwelt"],"_links":{"self":[{"href":"https:\/\/kvfl.com\/blog\/wp-json\/wp\/v2\/posts\/167","targetHints":{"allow":["GET"]}}],"collection":[{"href":"https:\/\/kvfl.com\/blog\/wp-json\/wp\/v2\/posts"}],"about":[{"href":"https:\/\/kvfl.com\/blog\/wp-json\/wp\/v2\/types\/post"}],"author":[{"embeddable":true,"href":"https:\/\/kvfl.com\/blog\/wp-json\/wp\/v2\/users\/1"}],"replies":[{"embeddable":true,"href":"https:\/\/kvfl.com\/blog\/wp-json\/wp\/v2\/comments?post=167"}],"version-history":[{"count":0,"href":"https:\/\/kvfl.com\/blog\/wp-json\/wp\/v2\/posts\/167\/revisions"}],"wp:attachment":[{"href":"https:\/\/kvfl.com\/blog\/wp-json\/wp\/v2\/media?parent=167"}],"wp:term":[{"taxonomy":"category","embeddable":true,"href":"https:\/\/kvfl.com\/blog\/wp-json\/wp\/v2\/categories?post=167"},{"taxonomy":"post_tag","embeddable":true,"href":"https:\/\/kvfl.com\/blog\/wp-json\/wp\/v2\/tags?post=167"}],"curies":[{"name":"wp","href":"https:\/\/api.w.org\/{rel}","templated":true}]}}