{"id":348,"date":"2011-02-21T18:18:44","date_gmt":"2011-02-21T16:18:44","guid":{"rendered":"http:\/\/kvfl.com\/wp\/?p=348"},"modified":"2011-02-21T18:18:44","modified_gmt":"2011-02-21T16:18:44","slug":"huelloch-gesperrt","status":"publish","type":"post","link":"https:\/\/kvfl.com\/blog\/huelloch-gesperrt\/348\/","title":{"rendered":"H\u00fclloch gesperrt"},"content":{"rendered":"<p><img decoding=\"async\" class=\"alignright\" src=\"https:\/\/kvfl.com\/bilder\/news\/huelloch.jpg\" alt=\"Huelloch\" \/><br \/>\nNun ist es auch vor Ort ersichtlich, der Eigent\u00fcmer des privaten Grundst\u00fccks hat via Schild den Hinweis erbracht, dass das Grundst\u00fcck des H\u00fclloch weder betreten noch beklettert werden darf.<br \/>\nDie Info ist schon seit einigen Monaten bekannt und der DAV wollte, so der Buschfunk, sich dieser Aufgabe annehmen, da es an versicherungstechnischer R\u00fccklage f\u00fcr den Eigent\u00fcmer mangelt.<\/p>\n<p>Im Sinne der Kletterer ist zu hoffen, dass der DAV an einer L\u00f6sung arbeit und dieses kleine, aber feine Gebiet dem Sport erhalten bleibt. Oder sind die Kletterer dem DAV egal? Die Kletterer sind ver\u00e4rgert und wollen die vielen Stunden der Erschlie\u00dfung und der geteilten Freude wieder aufnehmen. Hier kann nur der DAV helfen oder eine IG Klettern muss sich finden, die die Interessen der Kletterer eventuell besser vertritt als der DAV. Im Sinne des DAV und den Aktiven am Fels ist zu hoffen, dass man an einer L\u00f6sung mit dem Eigent\u00fcmer arbeitet und der DAV uns demn\u00e4chst Neuigkeiten pr\u00e4sentiert.<\/p>\n","protected":false},"excerpt":{"rendered":"<p>Nun ist es auch vor Ort ersichtlich, der Eigent\u00fcmer des privaten Grundst\u00fccks hat via Schild den Hinweis erbracht, dass das Grundst\u00fcck des H\u00fclloch weder betreten noch beklettert werden darf. Die Info ist schon seit einigen Monaten bekannt und der DAV wollte, so der Buschfunk, sich dieser Aufgabe annehmen, da es an versicherungstechnischer R\u00fccklage f\u00fcr den [&hellip;]<\/p>\n","protected":false},"author":1,"featured_media":0,"comment_status":"open","ping_status":"open","sticky":false,"template":"","format":"standard","meta":{"footnotes":""},"categories":[6],"tags":[150,257],"class_list":["post-348","post","type-post","status-publish","format-standard","hentry","category-news","tag-huelloch","tag-recht"],"_links":{"self":[{"href":"https:\/\/kvfl.com\/blog\/wp-json\/wp\/v2\/posts\/348","targetHints":{"allow":["GET"]}}],"collection":[{"href":"https:\/\/kvfl.com\/blog\/wp-json\/wp\/v2\/posts"}],"about":[{"href":"https:\/\/kvfl.com\/blog\/wp-json\/wp\/v2\/types\/post"}],"author":[{"embeddable":true,"href":"https:\/\/kvfl.com\/blog\/wp-json\/wp\/v2\/users\/1"}],"replies":[{"embeddable":true,"href":"https:\/\/kvfl.com\/blog\/wp-json\/wp\/v2\/comments?post=348"}],"version-history":[{"count":0,"href":"https:\/\/kvfl.com\/blog\/wp-json\/wp\/v2\/posts\/348\/revisions"}],"wp:attachment":[{"href":"https:\/\/kvfl.com\/blog\/wp-json\/wp\/v2\/media?parent=348"}],"wp:term":[{"taxonomy":"category","embeddable":true,"href":"https:\/\/kvfl.com\/blog\/wp-json\/wp\/v2\/categories?post=348"},{"taxonomy":"post_tag","embeddable":true,"href":"https:\/\/kvfl.com\/blog\/wp-json\/wp\/v2\/tags?post=348"}],"curies":[{"name":"wp","href":"https:\/\/api.w.org\/{rel}","templated":true}]}}